{"id":734,"date":"2021-01-08T14:21:07","date_gmt":"2021-01-08T14:21:07","guid":{"rendered":"https:\/\/maciejwiszniewski.pl\/index.php\/2021\/01\/08\/czasami-jedna-rozmowe-pamietamy-latami-mimo-ze-trwala-krotko-a-czasami-rozmawiamy-z-kims-latami-i-nie-pamietamy-nic-bo-zapominamy-ze-w-rozmowie-z-innym-czlowiekiem-nie-licza-sie-tylko-same-slowa\/"},"modified":"2026-01-29T04:38:18","modified_gmt":"2026-01-29T04:38:18","slug":"czasami-jedna-rozmowe-pamietamy-latami-mimo-ze-trwala-krotko-a-czasami-rozmawiamy-z-kims-latami-i-nie-pamietamy-nic-bo-zapominamy-ze-w-rozmowie-z-innym-czlowiekiem-nie-licza-sie-tylko-same-slowa","status":"publish","type":"post","link":"https:\/\/maciejwiszniewski.pl\/index.php\/2021\/01\/08\/czasami-jedna-rozmowe-pamietamy-latami-mimo-ze-trwala-krotko-a-czasami-rozmawiamy-z-kims-latami-i-nie-pamietamy-nic-bo-zapominamy-ze-w-rozmowie-z-innym-czlowiekiem-nie-licza-sie-tylko-same-slowa\/","title":{"rendered":"Czasami jedn\u0105 rozmow\u0119 pami\u0119tamy latami, mimo \u017ce trwa\u0142a kr\u00f3tko. A czasami rozmawiamy z kim\u015b latami i nie pami\u0119tamy nic. Bo zapominamy, \u017ce w rozmowie z innym cz\u0142owiekiem nie licz\u0105 si\u0119 tylko same s\u0142owa. Gdy wczujemy si\u0119 w dan\u0105 rozmow\u0119, to zobaczymy, \u017ce s\u0142owa to tylko cze\u015b\u0107 naszej komunikacji z innym cz\u0142owiekiem, \u017ce s\u0105 one tylko dodatkiem. Jest jeszcze ton g\u0142osu, patrzenie w oczy, uwaga, ruch cia\u0142a, przerwa mi\u0119dzy zdaniami, czasami cisza. Dopiero to wszystko sk\u0142ada si\u0119 na ca\u0142o\u015b\u0107. Bo w sumie zobaczymy, \u017ce same wyrazy pochodz\u0105ce z umys\u0142u ma\u0142o znacz\u0105. Wa\u017cniejsze jest dla nas to, jak czujemy si\u0119 w trakcie rozmowy, jak odbieramy przestrze\u0144 w kt\u00f3rej jeste\u015bmy, i jak odczuwamy dan\u0105 osob\u0119. To to decyduje o tym, kt\u00f3r\u0105 rozmow\u0119 pami\u0119tamy, a nie jakie\u015b tam wyrazy."},"content":{"rendered":"","protected":false},"excerpt":{"rendered":"","protected":false},"author":1,"featured_media":735,"comment_status":"closed","ping_status":"open","sticky":false,"template":"","format":"standard","meta":{"_et_pb_use_builder":"","_et_pb_old_content":"","_et_gb_content_width":"","footnotes":""},"categories":[7],"tags":[],"class_list":["post-734","post","type-post","status-publish","format-standard","has-post-thumbnail","hentry","category-przemyslenia"],"yoast_head":"<!-- This site is optimized with the Yoast SEO plugin v26.8 - https:\/\/yoast.com\/product\/yoast-seo-wordpress\/ -->\n<title>Czasami jedn\u0105 rozmow\u0119 pami\u0119tamy latami, mimo \u017ce trwa\u0142a kr\u00f3tko. A czasami rozmawiamy z kim\u015b latami i nie pami\u0119tamy nic. Bo zapominamy, \u017ce w rozmowie z innym cz\u0142owiekiem nie licz\u0105 si\u0119 tylko same s\u0142owa. Gdy wczujemy si\u0119 w dan\u0105 rozmow\u0119, to zobaczymy, \u017ce s\u0142owa to tylko cze\u015b\u0107 naszej komunikacji z innym cz\u0142owiekiem, \u017ce s\u0105 one tylko dodatkiem. Jest jeszcze ton g\u0142osu, patrzenie w oczy, uwaga, ruch cia\u0142a, przerwa mi\u0119dzy zdaniami, czasami cisza. Dopiero to wszystko sk\u0142ada si\u0119 na ca\u0142o\u015b\u0107. Bo w sumie zobaczymy, \u017ce same wyrazy pochodz\u0105ce z umys\u0142u ma\u0142o znacz\u0105. Wa\u017cniejsze jest dla nas to, jak czujemy si\u0119 w trakcie rozmowy, jak odbieramy przestrze\u0144 w kt\u00f3rej jeste\u015bmy, i jak odczuwamy dan\u0105 osob\u0119. To to decyduje o tym, kt\u00f3r\u0105 rozmow\u0119 pami\u0119tamy, a nie jakie\u015b tam wyrazy. - Maciej Wiszniewski<\/title>\n<meta name=\"robots\" content=\"index, follow, max-snippet:-1, max-image-preview:large, max-video-preview:-1\" \/>\n<link rel=\"canonical\" href=\"https:\/\/maciejwiszniewski.pl\/index.php\/2021\/01\/08\/czasami-jedna-rozmowe-pamietamy-latami-mimo-ze-trwala-krotko-a-czasami-rozmawiamy-z-kims-latami-i-nie-pamietamy-nic-bo-zapominamy-ze-w-rozmowie-z-innym-czlowiekiem-nie-licza-sie-tylko-same-slowa\/\" \/>\n<meta property=\"og:locale\" content=\"pl_PL\" \/>\n<meta property=\"og:type\" content=\"article\" \/>\n<meta property=\"og:title\" content=\"Czasami jedn\u0105 rozmow\u0119 pami\u0119tamy latami, mimo \u017ce trwa\u0142a kr\u00f3tko. A czasami rozmawiamy z kim\u015b latami i nie pami\u0119tamy nic. Bo zapominamy, \u017ce w rozmowie z innym cz\u0142owiekiem nie licz\u0105 si\u0119 tylko same s\u0142owa. Gdy wczujemy si\u0119 w dan\u0105 rozmow\u0119, to zobaczymy, \u017ce s\u0142owa to tylko cze\u015b\u0107 naszej komunikacji z innym cz\u0142owiekiem, \u017ce s\u0105 one tylko dodatkiem. Jest jeszcze ton g\u0142osu, patrzenie w oczy, uwaga, ruch cia\u0142a, przerwa mi\u0119dzy zdaniami, czasami cisza. Dopiero to wszystko sk\u0142ada si\u0119 na ca\u0142o\u015b\u0107. Bo w sumie zobaczymy, \u017ce same wyrazy pochodz\u0105ce z umys\u0142u ma\u0142o znacz\u0105. Wa\u017cniejsze jest dla nas to, jak czujemy si\u0119 w trakcie rozmowy, jak odbieramy przestrze\u0144 w kt\u00f3rej jeste\u015bmy, i jak odczuwamy dan\u0105 osob\u0119. To to decyduje o tym, kt\u00f3r\u0105 rozmow\u0119 pami\u0119tamy, a nie jakie\u015b tam wyrazy. - Maciej Wiszniewski\" \/>\n<meta property=\"og:url\" content=\"https:\/\/maciejwiszniewski.pl\/index.php\/2021\/01\/08\/czasami-jedna-rozmowe-pamietamy-latami-mimo-ze-trwala-krotko-a-czasami-rozmawiamy-z-kims-latami-i-nie-pamietamy-nic-bo-zapominamy-ze-w-rozmowie-z-innym-czlowiekiem-nie-licza-sie-tylko-same-slowa\/\" \/>\n<meta property=\"og:site_name\" content=\"Maciej Wiszniewski\" \/>\n<meta property=\"article:published_time\" content=\"2021-01-08T14:21:07+00:00\" \/>\n<meta property=\"article:modified_time\" content=\"2026-01-29T04:38:18+00:00\" \/>\n<meta property=\"og:image\" content=\"https:\/\/maciejwiszniewski.pl\/wp-content\/uploads\/2025\/07\/23.jpg\" \/>\n\t<meta property=\"og:image:width\" content=\"828\" \/>\n\t<meta property=\"og:image:height\" content=\"885\" \/>\n\t<meta property=\"og:image:type\" content=\"image\/jpeg\" \/>\n<meta name=\"author\" content=\"admin\" \/>\n<meta name=\"twitter:card\" content=\"summary_large_image\" \/>\n<meta name=\"twitter:label1\" content=\"Napisane przez\" \/>\n\t<meta name=\"twitter:data1\" content=\"admin\" \/>\n<script type=\"application\/ld+json\" class=\"yoast-schema-graph\">{\"@context\":\"https:\/\/schema.org\",\"@graph\":[{\"@type\":\"Article\",\"@id\":\"https:\/\/maciejwiszniewski.pl\/index.php\/2021\/01\/08\/czasami-jedna-rozmowe-pamietamy-latami-mimo-ze-trwala-krotko-a-czasami-rozmawiamy-z-kims-latami-i-nie-pamietamy-nic-bo-zapominamy-ze-w-rozmowie-z-innym-czlowiekiem-nie-licza-sie-tylko-same-slowa\/#article\",\"isPartOf\":{\"@id\":\"https:\/\/maciejwiszniewski.pl\/index.php\/2021\/01\/08\/czasami-jedna-rozmowe-pamietamy-latami-mimo-ze-trwala-krotko-a-czasami-rozmawiamy-z-kims-latami-i-nie-pamietamy-nic-bo-zapominamy-ze-w-rozmowie-z-innym-czlowiekiem-nie-licza-sie-tylko-same-slowa\/\"},\"author\":{\"name\":\"admin\",\"@id\":\"https:\/\/maciejwiszniewski.pl\/#\/schema\/person\/e9d327d6b86de500619746a5f4f6187c\"},\"headline\":\"Czasami jedn\u0105 rozmow\u0119 pami\u0119tamy latami, mimo \u017ce trwa\u0142a kr\u00f3tko. A czasami rozmawiamy z kim\u015b latami i nie pami\u0119tamy nic. Bo zapominamy, \u017ce w rozmowie z innym cz\u0142owiekiem nie licz\u0105 si\u0119 tylko same s\u0142owa. Gdy wczujemy si\u0119 w dan\u0105 rozmow\u0119, to zobaczymy, \u017ce s\u0142owa to tylko cze\u015b\u0107 naszej komunikacji z innym cz\u0142owiekiem, \u017ce s\u0105 one tylko dodatkiem. Jest jeszcze ton g\u0142osu, patrzenie w oczy, uwaga, ruch cia\u0142a, przerwa mi\u0119dzy zdaniami, czasami cisza. Dopiero to wszystko sk\u0142ada si\u0119 na ca\u0142o\u015b\u0107. Bo w sumie zobaczymy, \u017ce same wyrazy pochodz\u0105ce z umys\u0142u ma\u0142o znacz\u0105. Wa\u017cniejsze jest dla nas to, jak czujemy si\u0119 w trakcie rozmowy, jak odbieramy przestrze\u0144 w kt\u00f3rej jeste\u015bmy, i jak odczuwamy dan\u0105 osob\u0119. To to decyduje o tym, kt\u00f3r\u0105 rozmow\u0119 pami\u0119tamy, a nie jakie\u015b tam wyrazy.\",\"datePublished\":\"2021-01-08T14:21:07+00:00\",\"dateModified\":\"2026-01-29T04:38:18+00:00\",\"mainEntityOfPage\":{\"@id\":\"https:\/\/maciejwiszniewski.pl\/index.php\/2021\/01\/08\/czasami-jedna-rozmowe-pamietamy-latami-mimo-ze-trwala-krotko-a-czasami-rozmawiamy-z-kims-latami-i-nie-pamietamy-nic-bo-zapominamy-ze-w-rozmowie-z-innym-czlowiekiem-nie-licza-sie-tylko-same-slowa\/\"},\"wordCount\":146,\"image\":{\"@id\":\"https:\/\/maciejwiszniewski.pl\/index.php\/2021\/01\/08\/czasami-jedna-rozmowe-pamietamy-latami-mimo-ze-trwala-krotko-a-czasami-rozmawiamy-z-kims-latami-i-nie-pamietamy-nic-bo-zapominamy-ze-w-rozmowie-z-innym-czlowiekiem-nie-licza-sie-tylko-same-slowa\/#primaryimage\"},\"thumbnailUrl\":\"https:\/\/maciejwiszniewski.pl\/wp-content\/uploads\/2025\/07\/23.jpg\",\"articleSection\":[\"Przemy\u015blenia\"],\"inLanguage\":\"pl-PL\"},{\"@type\":\"WebPage\",\"@id\":\"https:\/\/maciejwiszniewski.pl\/index.php\/2021\/01\/08\/czasami-jedna-rozmowe-pamietamy-latami-mimo-ze-trwala-krotko-a-czasami-rozmawiamy-z-kims-latami-i-nie-pamietamy-nic-bo-zapominamy-ze-w-rozmowie-z-innym-czlowiekiem-nie-licza-sie-tylko-same-slowa\/\",\"url\":\"https:\/\/maciejwiszniewski.pl\/index.php\/2021\/01\/08\/czasami-jedna-rozmowe-pamietamy-latami-mimo-ze-trwala-krotko-a-czasami-rozmawiamy-z-kims-latami-i-nie-pamietamy-nic-bo-zapominamy-ze-w-rozmowie-z-innym-czlowiekiem-nie-licza-sie-tylko-same-slowa\/\",\"name\":\"Czasami jedn\u0105 rozmow\u0119 pami\u0119tamy latami, mimo \u017ce trwa\u0142a kr\u00f3tko. A czasami rozmawiamy z kim\u015b latami i nie pami\u0119tamy nic. Bo zapominamy, \u017ce w rozmowie z innym cz\u0142owiekiem nie licz\u0105 si\u0119 tylko same s\u0142owa. Gdy wczujemy si\u0119 w dan\u0105 rozmow\u0119, to zobaczymy, \u017ce s\u0142owa to tylko cze\u015b\u0107 naszej komunikacji z innym cz\u0142owiekiem, \u017ce s\u0105 one tylko dodatkiem. Jest jeszcze ton g\u0142osu, patrzenie w oczy, uwaga, ruch cia\u0142a, przerwa mi\u0119dzy zdaniami, czasami cisza. Dopiero to wszystko sk\u0142ada si\u0119 na ca\u0142o\u015b\u0107. Bo w sumie zobaczymy, \u017ce same wyrazy pochodz\u0105ce z umys\u0142u ma\u0142o znacz\u0105. Wa\u017cniejsze jest dla nas to, jak czujemy si\u0119 w trakcie rozmowy, jak odbieramy przestrze\u0144 w kt\u00f3rej jeste\u015bmy, i jak odczuwamy dan\u0105 osob\u0119. To to decyduje o tym, kt\u00f3r\u0105 rozmow\u0119 pami\u0119tamy, a nie jakie\u015b tam wyrazy. - Maciej Wiszniewski\",\"isPartOf\":{\"@id\":\"https:\/\/maciejwiszniewski.pl\/#website\"},\"primaryImageOfPage\":{\"@id\":\"https:\/\/maciejwiszniewski.pl\/index.php\/2021\/01\/08\/czasami-jedna-rozmowe-pamietamy-latami-mimo-ze-trwala-krotko-a-czasami-rozmawiamy-z-kims-latami-i-nie-pamietamy-nic-bo-zapominamy-ze-w-rozmowie-z-innym-czlowiekiem-nie-licza-sie-tylko-same-slowa\/#primaryimage\"},\"image\":{\"@id\":\"https:\/\/maciejwiszniewski.pl\/index.php\/2021\/01\/08\/czasami-jedna-rozmowe-pamietamy-latami-mimo-ze-trwala-krotko-a-czasami-rozmawiamy-z-kims-latami-i-nie-pamietamy-nic-bo-zapominamy-ze-w-rozmowie-z-innym-czlowiekiem-nie-licza-sie-tylko-same-slowa\/#primaryimage\"},\"thumbnailUrl\":\"https:\/\/maciejwiszniewski.pl\/wp-content\/uploads\/2025\/07\/23.jpg\",\"datePublished\":\"2021-01-08T14:21:07+00:00\",\"dateModified\":\"2026-01-29T04:38:18+00:00\",\"author\":{\"@id\":\"https:\/\/maciejwiszniewski.pl\/#\/schema\/person\/e9d327d6b86de500619746a5f4f6187c\"},\"breadcrumb\":{\"@id\":\"https:\/\/maciejwiszniewski.pl\/index.php\/2021\/01\/08\/czasami-jedna-rozmowe-pamietamy-latami-mimo-ze-trwala-krotko-a-czasami-rozmawiamy-z-kims-latami-i-nie-pamietamy-nic-bo-zapominamy-ze-w-rozmowie-z-innym-czlowiekiem-nie-licza-sie-tylko-same-slowa\/#breadcrumb\"},\"inLanguage\":\"pl-PL\",\"potentialAction\":[{\"@type\":\"ReadAction\",\"target\":[\"https:\/\/maciejwiszniewski.pl\/index.php\/2021\/01\/08\/czasami-jedna-rozmowe-pamietamy-latami-mimo-ze-trwala-krotko-a-czasami-rozmawiamy-z-kims-latami-i-nie-pamietamy-nic-bo-zapominamy-ze-w-rozmowie-z-innym-czlowiekiem-nie-licza-sie-tylko-same-slowa\/\"]}]},{\"@type\":\"ImageObject\",\"inLanguage\":\"pl-PL\",\"@id\":\"https:\/\/maciejwiszniewski.pl\/index.php\/2021\/01\/08\/czasami-jedna-rozmowe-pamietamy-latami-mimo-ze-trwala-krotko-a-czasami-rozmawiamy-z-kims-latami-i-nie-pamietamy-nic-bo-zapominamy-ze-w-rozmowie-z-innym-czlowiekiem-nie-licza-sie-tylko-same-slowa\/#primaryimage\",\"url\":\"https:\/\/maciejwiszniewski.pl\/wp-content\/uploads\/2025\/07\/23.jpg\",\"contentUrl\":\"https:\/\/maciejwiszniewski.pl\/wp-content\/uploads\/2025\/07\/23.jpg\",\"width\":828,\"height\":885},{\"@type\":\"BreadcrumbList\",\"@id\":\"https:\/\/maciejwiszniewski.pl\/index.php\/2021\/01\/08\/czasami-jedna-rozmowe-pamietamy-latami-mimo-ze-trwala-krotko-a-czasami-rozmawiamy-z-kims-latami-i-nie-pamietamy-nic-bo-zapominamy-ze-w-rozmowie-z-innym-czlowiekiem-nie-licza-sie-tylko-same-slowa\/#breadcrumb\",\"itemListElement\":[{\"@type\":\"ListItem\",\"position\":1,\"name\":\"Strona g\u0142\u00f3wna\",\"item\":\"https:\/\/maciejwiszniewski.pl\/\"},{\"@type\":\"ListItem\",\"position\":2,\"name\":\"Czasami jedn\u0105 rozmow\u0119 pami\u0119tamy latami, mimo \u017ce trwa\u0142a kr\u00f3tko. A czasami rozmawiamy z kim\u015b latami i nie pami\u0119tamy nic. Bo zapominamy, \u017ce w rozmowie z innym cz\u0142owiekiem nie licz\u0105 si\u0119 tylko same s\u0142owa. Gdy wczujemy si\u0119 w dan\u0105 rozmow\u0119, to zobaczymy, \u017ce s\u0142owa to tylko cze\u015b\u0107 naszej komunikacji z innym cz\u0142owiekiem, \u017ce s\u0105 one tylko dodatkiem. Jest jeszcze ton g\u0142osu, patrzenie w oczy, uwaga, ruch cia\u0142a, przerwa mi\u0119dzy zdaniami, czasami cisza. Dopiero to wszystko sk\u0142ada si\u0119 na ca\u0142o\u015b\u0107. Bo w sumie zobaczymy, \u017ce same wyrazy pochodz\u0105ce z umys\u0142u ma\u0142o znacz\u0105. Wa\u017cniejsze jest dla nas to, jak czujemy si\u0119 w trakcie rozmowy, jak odbieramy przestrze\u0144 w kt\u00f3rej jeste\u015bmy, i jak odczuwamy dan\u0105 osob\u0119. To to decyduje o tym, kt\u00f3r\u0105 rozmow\u0119 pami\u0119tamy, a nie jakie\u015b tam wyrazy.\"}]},{\"@type\":\"WebSite\",\"@id\":\"https:\/\/maciejwiszniewski.pl\/#website\",\"url\":\"https:\/\/maciejwiszniewski.pl\/\",\"name\":\"Maciej Wiszniewski\",\"description\":\"Maciej Wiszniewski\",\"potentialAction\":[{\"@type\":\"SearchAction\",\"target\":{\"@type\":\"EntryPoint\",\"urlTemplate\":\"https:\/\/maciejwiszniewski.pl\/?s={search_term_string}\"},\"query-input\":{\"@type\":\"PropertyValueSpecification\",\"valueRequired\":true,\"valueName\":\"search_term_string\"}}],\"inLanguage\":\"pl-PL\"},{\"@type\":\"Person\",\"@id\":\"https:\/\/maciejwiszniewski.pl\/#\/schema\/person\/e9d327d6b86de500619746a5f4f6187c\",\"name\":\"admin\",\"image\":{\"@type\":\"ImageObject\",\"inLanguage\":\"pl-PL\",\"@id\":\"https:\/\/maciejwiszniewski.pl\/#\/schema\/person\/image\/\",\"url\":\"https:\/\/secure.gravatar.com\/avatar\/8fe8c250375ccb98a0bd8fba8596769eedc9c2796e49d385d75475fd653d8c16?s=96&d=mm&r=g\",\"contentUrl\":\"https:\/\/secure.gravatar.com\/avatar\/8fe8c250375ccb98a0bd8fba8596769eedc9c2796e49d385d75475fd653d8c16?s=96&d=mm&r=g\",\"caption\":\"admin\"},\"sameAs\":[\"https:\/\/maciejwiszniewski.pl\"],\"url\":\"https:\/\/maciejwiszniewski.pl\/index.php\/author\/arkweb\/\"}]}<\/script>\n<!-- \/ Yoast SEO plugin. -->","yoast_head_json":{"title":"Czasami jedn\u0105 rozmow\u0119 pami\u0119tamy latami, mimo \u017ce trwa\u0142a kr\u00f3tko. A czasami rozmawiamy z kim\u015b latami i nie pami\u0119tamy nic. Bo zapominamy, \u017ce w rozmowie z innym cz\u0142owiekiem nie licz\u0105 si\u0119 tylko same s\u0142owa. Gdy wczujemy si\u0119 w dan\u0105 rozmow\u0119, to zobaczymy, \u017ce s\u0142owa to tylko cze\u015b\u0107 naszej komunikacji z innym cz\u0142owiekiem, \u017ce s\u0105 one tylko dodatkiem. Jest jeszcze ton g\u0142osu, patrzenie w oczy, uwaga, ruch cia\u0142a, przerwa mi\u0119dzy zdaniami, czasami cisza. Dopiero to wszystko sk\u0142ada si\u0119 na ca\u0142o\u015b\u0107. Bo w sumie zobaczymy, \u017ce same wyrazy pochodz\u0105ce z umys\u0142u ma\u0142o znacz\u0105. Wa\u017cniejsze jest dla nas to, jak czujemy si\u0119 w trakcie rozmowy, jak odbieramy przestrze\u0144 w kt\u00f3rej jeste\u015bmy, i jak odczuwamy dan\u0105 osob\u0119. To to decyduje o tym, kt\u00f3r\u0105 rozmow\u0119 pami\u0119tamy, a nie jakie\u015b tam wyrazy. - Maciej Wiszniewski","robots":{"index":"index","follow":"follow","max-snippet":"max-snippet:-1","max-image-preview":"max-image-preview:large","max-video-preview":"max-video-preview:-1"},"canonical":"https:\/\/maciejwiszniewski.pl\/index.php\/2021\/01\/08\/czasami-jedna-rozmowe-pamietamy-latami-mimo-ze-trwala-krotko-a-czasami-rozmawiamy-z-kims-latami-i-nie-pamietamy-nic-bo-zapominamy-ze-w-rozmowie-z-innym-czlowiekiem-nie-licza-sie-tylko-same-slowa\/","og_locale":"pl_PL","og_type":"article","og_title":"Czasami jedn\u0105 rozmow\u0119 pami\u0119tamy latami, mimo \u017ce trwa\u0142a kr\u00f3tko. A czasami rozmawiamy z kim\u015b latami i nie pami\u0119tamy nic. Bo zapominamy, \u017ce w rozmowie z innym cz\u0142owiekiem nie licz\u0105 si\u0119 tylko same s\u0142owa. Gdy wczujemy si\u0119 w dan\u0105 rozmow\u0119, to zobaczymy, \u017ce s\u0142owa to tylko cze\u015b\u0107 naszej komunikacji z innym cz\u0142owiekiem, \u017ce s\u0105 one tylko dodatkiem. Jest jeszcze ton g\u0142osu, patrzenie w oczy, uwaga, ruch cia\u0142a, przerwa mi\u0119dzy zdaniami, czasami cisza. Dopiero to wszystko sk\u0142ada si\u0119 na ca\u0142o\u015b\u0107. Bo w sumie zobaczymy, \u017ce same wyrazy pochodz\u0105ce z umys\u0142u ma\u0142o znacz\u0105. Wa\u017cniejsze jest dla nas to, jak czujemy si\u0119 w trakcie rozmowy, jak odbieramy przestrze\u0144 w kt\u00f3rej jeste\u015bmy, i jak odczuwamy dan\u0105 osob\u0119. To to decyduje o tym, kt\u00f3r\u0105 rozmow\u0119 pami\u0119tamy, a nie jakie\u015b tam wyrazy. - Maciej Wiszniewski","og_url":"https:\/\/maciejwiszniewski.pl\/index.php\/2021\/01\/08\/czasami-jedna-rozmowe-pamietamy-latami-mimo-ze-trwala-krotko-a-czasami-rozmawiamy-z-kims-latami-i-nie-pamietamy-nic-bo-zapominamy-ze-w-rozmowie-z-innym-czlowiekiem-nie-licza-sie-tylko-same-slowa\/","og_site_name":"Maciej Wiszniewski","article_published_time":"2021-01-08T14:21:07+00:00","article_modified_time":"2026-01-29T04:38:18+00:00","og_image":[{"width":828,"height":885,"url":"https:\/\/maciejwiszniewski.pl\/wp-content\/uploads\/2025\/07\/23.jpg","type":"image\/jpeg"}],"author":"admin","twitter_card":"summary_large_image","twitter_misc":{"Napisane przez":"admin"},"schema":{"@context":"https:\/\/schema.org","@graph":[{"@type":"Article","@id":"https:\/\/maciejwiszniewski.pl\/index.php\/2021\/01\/08\/czasami-jedna-rozmowe-pamietamy-latami-mimo-ze-trwala-krotko-a-czasami-rozmawiamy-z-kims-latami-i-nie-pamietamy-nic-bo-zapominamy-ze-w-rozmowie-z-innym-czlowiekiem-nie-licza-sie-tylko-same-slowa\/#article","isPartOf":{"@id":"https:\/\/maciejwiszniewski.pl\/index.php\/2021\/01\/08\/czasami-jedna-rozmowe-pamietamy-latami-mimo-ze-trwala-krotko-a-czasami-rozmawiamy-z-kims-latami-i-nie-pamietamy-nic-bo-zapominamy-ze-w-rozmowie-z-innym-czlowiekiem-nie-licza-sie-tylko-same-slowa\/"},"author":{"name":"admin","@id":"https:\/\/maciejwiszniewski.pl\/#\/schema\/person\/e9d327d6b86de500619746a5f4f6187c"},"headline":"Czasami jedn\u0105 rozmow\u0119 pami\u0119tamy latami, mimo \u017ce trwa\u0142a kr\u00f3tko. A czasami rozmawiamy z kim\u015b latami i nie pami\u0119tamy nic. Bo zapominamy, \u017ce w rozmowie z innym cz\u0142owiekiem nie licz\u0105 si\u0119 tylko same s\u0142owa. Gdy wczujemy si\u0119 w dan\u0105 rozmow\u0119, to zobaczymy, \u017ce s\u0142owa to tylko cze\u015b\u0107 naszej komunikacji z innym cz\u0142owiekiem, \u017ce s\u0105 one tylko dodatkiem. Jest jeszcze ton g\u0142osu, patrzenie w oczy, uwaga, ruch cia\u0142a, przerwa mi\u0119dzy zdaniami, czasami cisza. Dopiero to wszystko sk\u0142ada si\u0119 na ca\u0142o\u015b\u0107. Bo w sumie zobaczymy, \u017ce same wyrazy pochodz\u0105ce z umys\u0142u ma\u0142o znacz\u0105. Wa\u017cniejsze jest dla nas to, jak czujemy si\u0119 w trakcie rozmowy, jak odbieramy przestrze\u0144 w kt\u00f3rej jeste\u015bmy, i jak odczuwamy dan\u0105 osob\u0119. To to decyduje o tym, kt\u00f3r\u0105 rozmow\u0119 pami\u0119tamy, a nie jakie\u015b tam wyrazy.","datePublished":"2021-01-08T14:21:07+00:00","dateModified":"2026-01-29T04:38:18+00:00","mainEntityOfPage":{"@id":"https:\/\/maciejwiszniewski.pl\/index.php\/2021\/01\/08\/czasami-jedna-rozmowe-pamietamy-latami-mimo-ze-trwala-krotko-a-czasami-rozmawiamy-z-kims-latami-i-nie-pamietamy-nic-bo-zapominamy-ze-w-rozmowie-z-innym-czlowiekiem-nie-licza-sie-tylko-same-slowa\/"},"wordCount":146,"image":{"@id":"https:\/\/maciejwiszniewski.pl\/index.php\/2021\/01\/08\/czasami-jedna-rozmowe-pamietamy-latami-mimo-ze-trwala-krotko-a-czasami-rozmawiamy-z-kims-latami-i-nie-pamietamy-nic-bo-zapominamy-ze-w-rozmowie-z-innym-czlowiekiem-nie-licza-sie-tylko-same-slowa\/#primaryimage"},"thumbnailUrl":"https:\/\/maciejwiszniewski.pl\/wp-content\/uploads\/2025\/07\/23.jpg","articleSection":["Przemy\u015blenia"],"inLanguage":"pl-PL"},{"@type":"WebPage","@id":"https:\/\/maciejwiszniewski.pl\/index.php\/2021\/01\/08\/czasami-jedna-rozmowe-pamietamy-latami-mimo-ze-trwala-krotko-a-czasami-rozmawiamy-z-kims-latami-i-nie-pamietamy-nic-bo-zapominamy-ze-w-rozmowie-z-innym-czlowiekiem-nie-licza-sie-tylko-same-slowa\/","url":"https:\/\/maciejwiszniewski.pl\/index.php\/2021\/01\/08\/czasami-jedna-rozmowe-pamietamy-latami-mimo-ze-trwala-krotko-a-czasami-rozmawiamy-z-kims-latami-i-nie-pamietamy-nic-bo-zapominamy-ze-w-rozmowie-z-innym-czlowiekiem-nie-licza-sie-tylko-same-slowa\/","name":"Czasami jedn\u0105 rozmow\u0119 pami\u0119tamy latami, mimo \u017ce trwa\u0142a kr\u00f3tko. A czasami rozmawiamy z kim\u015b latami i nie pami\u0119tamy nic. Bo zapominamy, \u017ce w rozmowie z innym cz\u0142owiekiem nie licz\u0105 si\u0119 tylko same s\u0142owa. Gdy wczujemy si\u0119 w dan\u0105 rozmow\u0119, to zobaczymy, \u017ce s\u0142owa to tylko cze\u015b\u0107 naszej komunikacji z innym cz\u0142owiekiem, \u017ce s\u0105 one tylko dodatkiem. Jest jeszcze ton g\u0142osu, patrzenie w oczy, uwaga, ruch cia\u0142a, przerwa mi\u0119dzy zdaniami, czasami cisza. Dopiero to wszystko sk\u0142ada si\u0119 na ca\u0142o\u015b\u0107. Bo w sumie zobaczymy, \u017ce same wyrazy pochodz\u0105ce z umys\u0142u ma\u0142o znacz\u0105. Wa\u017cniejsze jest dla nas to, jak czujemy si\u0119 w trakcie rozmowy, jak odbieramy przestrze\u0144 w kt\u00f3rej jeste\u015bmy, i jak odczuwamy dan\u0105 osob\u0119. To to decyduje o tym, kt\u00f3r\u0105 rozmow\u0119 pami\u0119tamy, a nie jakie\u015b tam wyrazy. - Maciej Wiszniewski","isPartOf":{"@id":"https:\/\/maciejwiszniewski.pl\/#website"},"primaryImageOfPage":{"@id":"https:\/\/maciejwiszniewski.pl\/index.php\/2021\/01\/08\/czasami-jedna-rozmowe-pamietamy-latami-mimo-ze-trwala-krotko-a-czasami-rozmawiamy-z-kims-latami-i-nie-pamietamy-nic-bo-zapominamy-ze-w-rozmowie-z-innym-czlowiekiem-nie-licza-sie-tylko-same-slowa\/#primaryimage"},"image":{"@id":"https:\/\/maciejwiszniewski.pl\/index.php\/2021\/01\/08\/czasami-jedna-rozmowe-pamietamy-latami-mimo-ze-trwala-krotko-a-czasami-rozmawiamy-z-kims-latami-i-nie-pamietamy-nic-bo-zapominamy-ze-w-rozmowie-z-innym-czlowiekiem-nie-licza-sie-tylko-same-slowa\/#primaryimage"},"thumbnailUrl":"https:\/\/maciejwiszniewski.pl\/wp-content\/uploads\/2025\/07\/23.jpg","datePublished":"2021-01-08T14:21:07+00:00","dateModified":"2026-01-29T04:38:18+00:00","author":{"@id":"https:\/\/maciejwiszniewski.pl\/#\/schema\/person\/e9d327d6b86de500619746a5f4f6187c"},"breadcrumb":{"@id":"https:\/\/maciejwiszniewski.pl\/index.php\/2021\/01\/08\/czasami-jedna-rozmowe-pamietamy-latami-mimo-ze-trwala-krotko-a-czasami-rozmawiamy-z-kims-latami-i-nie-pamietamy-nic-bo-zapominamy-ze-w-rozmowie-z-innym-czlowiekiem-nie-licza-sie-tylko-same-slowa\/#breadcrumb"},"inLanguage":"pl-PL","potentialAction":[{"@type":"ReadAction","target":["https:\/\/maciejwiszniewski.pl\/index.php\/2021\/01\/08\/czasami-jedna-rozmowe-pamietamy-latami-mimo-ze-trwala-krotko-a-czasami-rozmawiamy-z-kims-latami-i-nie-pamietamy-nic-bo-zapominamy-ze-w-rozmowie-z-innym-czlowiekiem-nie-licza-sie-tylko-same-slowa\/"]}]},{"@type":"ImageObject","inLanguage":"pl-PL","@id":"https:\/\/maciejwiszniewski.pl\/index.php\/2021\/01\/08\/czasami-jedna-rozmowe-pamietamy-latami-mimo-ze-trwala-krotko-a-czasami-rozmawiamy-z-kims-latami-i-nie-pamietamy-nic-bo-zapominamy-ze-w-rozmowie-z-innym-czlowiekiem-nie-licza-sie-tylko-same-slowa\/#primaryimage","url":"https:\/\/maciejwiszniewski.pl\/wp-content\/uploads\/2025\/07\/23.jpg","contentUrl":"https:\/\/maciejwiszniewski.pl\/wp-content\/uploads\/2025\/07\/23.jpg","width":828,"height":885},{"@type":"BreadcrumbList","@id":"https:\/\/maciejwiszniewski.pl\/index.php\/2021\/01\/08\/czasami-jedna-rozmowe-pamietamy-latami-mimo-ze-trwala-krotko-a-czasami-rozmawiamy-z-kims-latami-i-nie-pamietamy-nic-bo-zapominamy-ze-w-rozmowie-z-innym-czlowiekiem-nie-licza-sie-tylko-same-slowa\/#breadcrumb","itemListElement":[{"@type":"ListItem","position":1,"name":"Strona g\u0142\u00f3wna","item":"https:\/\/maciejwiszniewski.pl\/"},{"@type":"ListItem","position":2,"name":"Czasami jedn\u0105 rozmow\u0119 pami\u0119tamy latami, mimo \u017ce trwa\u0142a kr\u00f3tko. A czasami rozmawiamy z kim\u015b latami i nie pami\u0119tamy nic. Bo zapominamy, \u017ce w rozmowie z innym cz\u0142owiekiem nie licz\u0105 si\u0119 tylko same s\u0142owa. Gdy wczujemy si\u0119 w dan\u0105 rozmow\u0119, to zobaczymy, \u017ce s\u0142owa to tylko cze\u015b\u0107 naszej komunikacji z innym cz\u0142owiekiem, \u017ce s\u0105 one tylko dodatkiem. Jest jeszcze ton g\u0142osu, patrzenie w oczy, uwaga, ruch cia\u0142a, przerwa mi\u0119dzy zdaniami, czasami cisza. Dopiero to wszystko sk\u0142ada si\u0119 na ca\u0142o\u015b\u0107. Bo w sumie zobaczymy, \u017ce same wyrazy pochodz\u0105ce z umys\u0142u ma\u0142o znacz\u0105. Wa\u017cniejsze jest dla nas to, jak czujemy si\u0119 w trakcie rozmowy, jak odbieramy przestrze\u0144 w kt\u00f3rej jeste\u015bmy, i jak odczuwamy dan\u0105 osob\u0119. To to decyduje o tym, kt\u00f3r\u0105 rozmow\u0119 pami\u0119tamy, a nie jakie\u015b tam wyrazy."}]},{"@type":"WebSite","@id":"https:\/\/maciejwiszniewski.pl\/#website","url":"https:\/\/maciejwiszniewski.pl\/","name":"Maciej Wiszniewski","description":"Maciej Wiszniewski","potentialAction":[{"@type":"SearchAction","target":{"@type":"EntryPoint","urlTemplate":"https:\/\/maciejwiszniewski.pl\/?s={search_term_string}"},"query-input":{"@type":"PropertyValueSpecification","valueRequired":true,"valueName":"search_term_string"}}],"inLanguage":"pl-PL"},{"@type":"Person","@id":"https:\/\/maciejwiszniewski.pl\/#\/schema\/person\/e9d327d6b86de500619746a5f4f6187c","name":"admin","image":{"@type":"ImageObject","inLanguage":"pl-PL","@id":"https:\/\/maciejwiszniewski.pl\/#\/schema\/person\/image\/","url":"https:\/\/secure.gravatar.com\/avatar\/8fe8c250375ccb98a0bd8fba8596769eedc9c2796e49d385d75475fd653d8c16?s=96&d=mm&r=g","contentUrl":"https:\/\/secure.gravatar.com\/avatar\/8fe8c250375ccb98a0bd8fba8596769eedc9c2796e49d385d75475fd653d8c16?s=96&d=mm&r=g","caption":"admin"},"sameAs":["https:\/\/maciejwiszniewski.pl"],"url":"https:\/\/maciejwiszniewski.pl\/index.php\/author\/arkweb\/"}]}},"_links":{"self":[{"href":"https:\/\/maciejwiszniewski.pl\/index.php\/wp-json\/wp\/v2\/posts\/734","targetHints":{"allow":["GET"]}}],"collection":[{"href":"https:\/\/maciejwiszniewski.pl\/index.php\/wp-json\/wp\/v2\/posts"}],"about":[{"href":"https:\/\/maciejwiszniewski.pl\/index.php\/wp-json\/wp\/v2\/types\/post"}],"author":[{"embeddable":true,"href":"https:\/\/maciejwiszniewski.pl\/index.php\/wp-json\/wp\/v2\/users\/1"}],"replies":[{"embeddable":true,"href":"https:\/\/maciejwiszniewski.pl\/index.php\/wp-json\/wp\/v2\/comments?post=734"}],"version-history":[{"count":1,"href":"https:\/\/maciejwiszniewski.pl\/index.php\/wp-json\/wp\/v2\/posts\/734\/revisions"}],"predecessor-version":[{"id":1150,"href":"https:\/\/maciejwiszniewski.pl\/index.php\/wp-json\/wp\/v2\/posts\/734\/revisions\/1150"}],"wp:featuredmedia":[{"embeddable":true,"href":"https:\/\/maciejwiszniewski.pl\/index.php\/wp-json\/wp\/v2\/media\/735"}],"wp:attachment":[{"href":"https:\/\/maciejwiszniewski.pl\/index.php\/wp-json\/wp\/v2\/media?parent=734"}],"wp:term":[{"taxonomy":"category","embeddable":true,"href":"https:\/\/maciejwiszniewski.pl\/index.php\/wp-json\/wp\/v2\/categories?post=734"},{"taxonomy":"post_tag","embeddable":true,"href":"https:\/\/maciejwiszniewski.pl\/index.php\/wp-json\/wp\/v2\/tags?post=734"}],"curies":[{"name":"wp","href":"https:\/\/api.w.org\/{rel}","templated":true}]}}