{"id":604,"date":"2020-01-05T09:57:55","date_gmt":"2020-01-05T09:57:55","guid":{"rendered":"https:\/\/maciejwiszniewski.pl\/index.php\/2020\/01\/05\/pokora\/"},"modified":"2020-01-05T09:57:55","modified_gmt":"2020-01-05T09:57:55","slug":"pokora","status":"publish","type":"post","link":"https:\/\/maciejwiszniewski.pl\/index.php\/2020\/01\/05\/pokora\/","title":{"rendered":"Pokora &#8230;"},"content":{"rendered":"\n<p>\n\nChcia\u0142bym napisa\u0107 dlaczego wg mnie pokora jest wa\u017cna w \u017cyciu cz\u0142owieka. Nazwa\u0142bym j\u0105, \u017ce jest nasz\u0105 tarcz\u0105 \u017cyciow\u0105, poniewa\u017c&nbsp;bez niej cz\u0142owiek jest bezbronny i nara\u017cony na pewne si\u0142y, kt\u00f3re s\u0105 tu na \u015bwiecie.<br>Dwie pierwsze mo\u017cna okre\u015bli\u0107 czym s\u0105, cho\u0107 maj\u0105 wiele okre\u015ble\u0144 i nazw. Trzecia faktycznie jest niewidoczna i nieokre\u015blona, ale za to wiadomo na co wp\u0142ywa. Gdy podzielimy je na trzy grupy, zrozumiemy z czym mamy do czynienia i dlaczego pokora jest tak wa\u017cna w naszym \u017cyciu.<br>Te trzy si\u0142y zawsze wyst\u0119puj\u0105 razem, ale tylko jedna z nich jest manifestacj\u0105 w danej chwili, kt\u00f3ra wp\u0142ywa po\u015brednio na cz\u0142owieka w zale\u017cno\u015bci od jego s\u0142abo\u015bci i gdy zaczyna rezonowa\u0107 powoduje w nim grzech.<br>Mo\u017ce to by\u0107 zwi\u0105zane z naszym ego np. identyfikacj\u0105 z ja lub moje, albo z jakimi\u015b zmianami kt\u00f3rych nie chcemy, z akceptacj\u0105 czego\u015b co by\u0142o lub b\u0119dzie, z wybaczeniem ( oczywi\u015bcie tego jest du\u017co wi\u0119cej).<br>Mo\u017ce to by\u0107 zwi\u0105zane z naszymi zmys\u0142ami np. z na\u0142ogiem, (u\u017cywkami), s\u0142abo\u015bciami, z sexem, objadaniem si\u0119, gadulstwem ( oczywi\u015bcie tego jest du\u017co wi\u0119cej ).<br>Mo\u017ce to by\u0107 zwi\u0105zane z nasz\u0105 ignorancj\u0105 np. nie chcemy poznawa\u0107 siebie, nie chcemy by\u0107 uwa\u017cani, oddajemy si\u0119 czemu\u015b zapominaj\u0105c o byciu sob\u0105 ( oczywi\u015bcie tego jest du\u017co wi\u0119cej )<br>To te si\u0142y wp\u0142ywaj\u0105 na nas ca\u0142y czas i bez pokory nie poradzimy sobie w \u017cyciu.<br>Owszem z pokor\u0105 te\u017c trzeba nauczy\u0107 si\u0119 \u017cy\u0107, bo tak jak wcze\u015bniej napisa\u0142em jest nasz\u0105 tarcz\u0105 obronn\u0105, i ci\u0119\u017cko na co dzie\u0144 mie\u0107 j\u0105 ca\u0142y czas w r\u0119ku. Trzeba wiedzie\u0107 kiedy j\u0105 nak\u0142ada\u0107, a kiedy nie. Dlatego wa\u017cne jest \u017ceby poznawa\u0107 siebie, jacy jeste\u015bmy, jakie mamy s\u0142abo\u015bci, by w zale\u017cno\u015bci od sytuacji wiedzie\u0107 kiedy mamy by\u0107 pokorni.<br>Dlatego pokora jest tak wa\u017cna w naszym \u017cyciu, by broni\u0107 nas od tych si\u0142.\n\n<\/p>\n","protected":false},"excerpt":{"rendered":"<p>Chcia\u0142bym napisa\u0107 dlaczego wg mnie pokora jest wa\u017cna w \u017cyciu cz\u0142owieka. Nazwa\u0142bym j\u0105, \u017ce jest nasz\u0105 tarcz\u0105 \u017cyciow\u0105, poniewa\u017c&nbsp;bez niej cz\u0142owiek jest bezbronny i nara\u017cony na pewne si\u0142y, kt\u00f3re s\u0105 tu na \u015bwiecie.Dwie pierwsze mo\u017cna okre\u015bli\u0107 czym s\u0105, cho\u0107 maj\u0105 wiele okre\u015ble\u0144 i nazw. Trzecia faktycznie jest niewidoczna i nieokre\u015blona, ale za to wiadomo na [&hellip;]<\/p>\n","protected":false},"author":1,"featured_media":0,"comment_status":"closed","ping_status":"open","sticky":false,"template":"","format":"standard","meta":{"_et_pb_use_builder":"","_et_pb_old_content":"","_et_gb_content_width":"","footnotes":""},"categories":[7],"tags":[],"class_list":["post-604","post","type-post","status-publish","format-standard","hentry","category-przemyslenia"],"yoast_head":"<!-- This site is optimized with the Yoast SEO plugin v26.8 - https:\/\/yoast.com\/product\/yoast-seo-wordpress\/ -->\n<title>Pokora ... - Maciej Wiszniewski<\/title>\n<meta name=\"robots\" content=\"index, follow, max-snippet:-1, max-image-preview:large, max-video-preview:-1\" \/>\n<link rel=\"canonical\" href=\"https:\/\/maciejwiszniewski.pl\/index.php\/2020\/01\/05\/pokora\/\" \/>\n<meta property=\"og:locale\" content=\"pl_PL\" \/>\n<meta property=\"og:type\" content=\"article\" \/>\n<meta property=\"og:title\" content=\"Pokora ... - Maciej Wiszniewski\" \/>\n<meta property=\"og:description\" content=\"Chcia\u0142bym napisa\u0107 dlaczego wg mnie pokora jest wa\u017cna w \u017cyciu cz\u0142owieka. Nazwa\u0142bym j\u0105, \u017ce jest nasz\u0105 tarcz\u0105 \u017cyciow\u0105, poniewa\u017c&nbsp;bez niej cz\u0142owiek jest bezbronny i nara\u017cony na pewne si\u0142y, kt\u00f3re s\u0105 tu na \u015bwiecie.Dwie pierwsze mo\u017cna okre\u015bli\u0107 czym s\u0105, cho\u0107 maj\u0105 wiele okre\u015ble\u0144 i nazw. Trzecia faktycznie jest niewidoczna i nieokre\u015blona, ale za to wiadomo na [&hellip;]\" \/>\n<meta property=\"og:url\" content=\"https:\/\/maciejwiszniewski.pl\/index.php\/2020\/01\/05\/pokora\/\" \/>\n<meta property=\"og:site_name\" content=\"Maciej Wiszniewski\" \/>\n<meta property=\"article:published_time\" content=\"2020-01-05T09:57:55+00:00\" \/>\n<meta property=\"og:image\" content=\"https:\/\/maciejwiszniewski.pl\/wp-content\/uploads\/2025\/07\/80521485_172164124145573_2543547652088266752_n.jpg\" \/>\n\t<meta property=\"og:image:width\" content=\"792\" \/>\n\t<meta property=\"og:image:height\" content=\"960\" \/>\n\t<meta property=\"og:image:type\" content=\"image\/jpeg\" \/>\n<meta name=\"author\" content=\"admin\" \/>\n<meta name=\"twitter:card\" content=\"summary_large_image\" \/>\n<meta name=\"twitter:label1\" content=\"Napisane przez\" \/>\n\t<meta name=\"twitter:data1\" content=\"admin\" \/>\n\t<meta name=\"twitter:label2\" content=\"Szacowany czas czytania\" \/>\n\t<meta name=\"twitter:data2\" content=\"2 minuty\" \/>\n<script type=\"application\/ld+json\" class=\"yoast-schema-graph\">{\"@context\":\"https:\/\/schema.org\",\"@graph\":[{\"@type\":\"Article\",\"@id\":\"https:\/\/maciejwiszniewski.pl\/index.php\/2020\/01\/05\/pokora\/#article\",\"isPartOf\":{\"@id\":\"https:\/\/maciejwiszniewski.pl\/index.php\/2020\/01\/05\/pokora\/\"},\"author\":{\"name\":\"admin\",\"@id\":\"https:\/\/maciejwiszniewski.pl\/#\/schema\/person\/e9d327d6b86de500619746a5f4f6187c\"},\"headline\":\"Pokora &#8230;\",\"datePublished\":\"2020-01-05T09:57:55+00:00\",\"mainEntityOfPage\":{\"@id\":\"https:\/\/maciejwiszniewski.pl\/index.php\/2020\/01\/05\/pokora\/\"},\"wordCount\":352,\"articleSection\":[\"Przemy\u015blenia\"],\"inLanguage\":\"pl-PL\"},{\"@type\":\"WebPage\",\"@id\":\"https:\/\/maciejwiszniewski.pl\/index.php\/2020\/01\/05\/pokora\/\",\"url\":\"https:\/\/maciejwiszniewski.pl\/index.php\/2020\/01\/05\/pokora\/\",\"name\":\"Pokora ... - Maciej Wiszniewski\",\"isPartOf\":{\"@id\":\"https:\/\/maciejwiszniewski.pl\/#website\"},\"datePublished\":\"2020-01-05T09:57:55+00:00\",\"author\":{\"@id\":\"https:\/\/maciejwiszniewski.pl\/#\/schema\/person\/e9d327d6b86de500619746a5f4f6187c\"},\"breadcrumb\":{\"@id\":\"https:\/\/maciejwiszniewski.pl\/index.php\/2020\/01\/05\/pokora\/#breadcrumb\"},\"inLanguage\":\"pl-PL\",\"potentialAction\":[{\"@type\":\"ReadAction\",\"target\":[\"https:\/\/maciejwiszniewski.pl\/index.php\/2020\/01\/05\/pokora\/\"]}]},{\"@type\":\"BreadcrumbList\",\"@id\":\"https:\/\/maciejwiszniewski.pl\/index.php\/2020\/01\/05\/pokora\/#breadcrumb\",\"itemListElement\":[{\"@type\":\"ListItem\",\"position\":1,\"name\":\"Strona g\u0142\u00f3wna\",\"item\":\"https:\/\/maciejwiszniewski.pl\/\"},{\"@type\":\"ListItem\",\"position\":2,\"name\":\"Pokora &#8230;\"}]},{\"@type\":\"WebSite\",\"@id\":\"https:\/\/maciejwiszniewski.pl\/#website\",\"url\":\"https:\/\/maciejwiszniewski.pl\/\",\"name\":\"Maciej Wiszniewski\",\"description\":\"Maciej Wiszniewski\",\"potentialAction\":[{\"@type\":\"SearchAction\",\"target\":{\"@type\":\"EntryPoint\",\"urlTemplate\":\"https:\/\/maciejwiszniewski.pl\/?s={search_term_string}\"},\"query-input\":{\"@type\":\"PropertyValueSpecification\",\"valueRequired\":true,\"valueName\":\"search_term_string\"}}],\"inLanguage\":\"pl-PL\"},{\"@type\":\"Person\",\"@id\":\"https:\/\/maciejwiszniewski.pl\/#\/schema\/person\/e9d327d6b86de500619746a5f4f6187c\",\"name\":\"admin\",\"image\":{\"@type\":\"ImageObject\",\"inLanguage\":\"pl-PL\",\"@id\":\"https:\/\/maciejwiszniewski.pl\/#\/schema\/person\/image\/\",\"url\":\"https:\/\/secure.gravatar.com\/avatar\/8fe8c250375ccb98a0bd8fba8596769eedc9c2796e49d385d75475fd653d8c16?s=96&d=mm&r=g\",\"contentUrl\":\"https:\/\/secure.gravatar.com\/avatar\/8fe8c250375ccb98a0bd8fba8596769eedc9c2796e49d385d75475fd653d8c16?s=96&d=mm&r=g\",\"caption\":\"admin\"},\"sameAs\":[\"https:\/\/maciejwiszniewski.pl\"],\"url\":\"https:\/\/maciejwiszniewski.pl\/index.php\/author\/arkweb\/\"}]}<\/script>\n<!-- \/ Yoast SEO plugin. -->","yoast_head_json":{"title":"Pokora ... - Maciej Wiszniewski","robots":{"index":"index","follow":"follow","max-snippet":"max-snippet:-1","max-image-preview":"max-image-preview:large","max-video-preview":"max-video-preview:-1"},"canonical":"https:\/\/maciejwiszniewski.pl\/index.php\/2020\/01\/05\/pokora\/","og_locale":"pl_PL","og_type":"article","og_title":"Pokora ... - Maciej Wiszniewski","og_description":"Chcia\u0142bym napisa\u0107 dlaczego wg mnie pokora jest wa\u017cna w \u017cyciu cz\u0142owieka. Nazwa\u0142bym j\u0105, \u017ce jest nasz\u0105 tarcz\u0105 \u017cyciow\u0105, poniewa\u017c&nbsp;bez niej cz\u0142owiek jest bezbronny i nara\u017cony na pewne si\u0142y, kt\u00f3re s\u0105 tu na \u015bwiecie.Dwie pierwsze mo\u017cna okre\u015bli\u0107 czym s\u0105, cho\u0107 maj\u0105 wiele okre\u015ble\u0144 i nazw. Trzecia faktycznie jest niewidoczna i nieokre\u015blona, ale za to wiadomo na [&hellip;]","og_url":"https:\/\/maciejwiszniewski.pl\/index.php\/2020\/01\/05\/pokora\/","og_site_name":"Maciej Wiszniewski","article_published_time":"2020-01-05T09:57:55+00:00","og_image":[{"width":792,"height":960,"url":"https:\/\/maciejwiszniewski.pl\/wp-content\/uploads\/2025\/07\/80521485_172164124145573_2543547652088266752_n.jpg","type":"image\/jpeg"}],"author":"admin","twitter_card":"summary_large_image","twitter_misc":{"Napisane przez":"admin","Szacowany czas czytania":"2 minuty"},"schema":{"@context":"https:\/\/schema.org","@graph":[{"@type":"Article","@id":"https:\/\/maciejwiszniewski.pl\/index.php\/2020\/01\/05\/pokora\/#article","isPartOf":{"@id":"https:\/\/maciejwiszniewski.pl\/index.php\/2020\/01\/05\/pokora\/"},"author":{"name":"admin","@id":"https:\/\/maciejwiszniewski.pl\/#\/schema\/person\/e9d327d6b86de500619746a5f4f6187c"},"headline":"Pokora &#8230;","datePublished":"2020-01-05T09:57:55+00:00","mainEntityOfPage":{"@id":"https:\/\/maciejwiszniewski.pl\/index.php\/2020\/01\/05\/pokora\/"},"wordCount":352,"articleSection":["Przemy\u015blenia"],"inLanguage":"pl-PL"},{"@type":"WebPage","@id":"https:\/\/maciejwiszniewski.pl\/index.php\/2020\/01\/05\/pokora\/","url":"https:\/\/maciejwiszniewski.pl\/index.php\/2020\/01\/05\/pokora\/","name":"Pokora ... - Maciej Wiszniewski","isPartOf":{"@id":"https:\/\/maciejwiszniewski.pl\/#website"},"datePublished":"2020-01-05T09:57:55+00:00","author":{"@id":"https:\/\/maciejwiszniewski.pl\/#\/schema\/person\/e9d327d6b86de500619746a5f4f6187c"},"breadcrumb":{"@id":"https:\/\/maciejwiszniewski.pl\/index.php\/2020\/01\/05\/pokora\/#breadcrumb"},"inLanguage":"pl-PL","potentialAction":[{"@type":"ReadAction","target":["https:\/\/maciejwiszniewski.pl\/index.php\/2020\/01\/05\/pokora\/"]}]},{"@type":"BreadcrumbList","@id":"https:\/\/maciejwiszniewski.pl\/index.php\/2020\/01\/05\/pokora\/#breadcrumb","itemListElement":[{"@type":"ListItem","position":1,"name":"Strona g\u0142\u00f3wna","item":"https:\/\/maciejwiszniewski.pl\/"},{"@type":"ListItem","position":2,"name":"Pokora &#8230;"}]},{"@type":"WebSite","@id":"https:\/\/maciejwiszniewski.pl\/#website","url":"https:\/\/maciejwiszniewski.pl\/","name":"Maciej Wiszniewski","description":"Maciej Wiszniewski","potentialAction":[{"@type":"SearchAction","target":{"@type":"EntryPoint","urlTemplate":"https:\/\/maciejwiszniewski.pl\/?s={search_term_string}"},"query-input":{"@type":"PropertyValueSpecification","valueRequired":true,"valueName":"search_term_string"}}],"inLanguage":"pl-PL"},{"@type":"Person","@id":"https:\/\/maciejwiszniewski.pl\/#\/schema\/person\/e9d327d6b86de500619746a5f4f6187c","name":"admin","image":{"@type":"ImageObject","inLanguage":"pl-PL","@id":"https:\/\/maciejwiszniewski.pl\/#\/schema\/person\/image\/","url":"https:\/\/secure.gravatar.com\/avatar\/8fe8c250375ccb98a0bd8fba8596769eedc9c2796e49d385d75475fd653d8c16?s=96&d=mm&r=g","contentUrl":"https:\/\/secure.gravatar.com\/avatar\/8fe8c250375ccb98a0bd8fba8596769eedc9c2796e49d385d75475fd653d8c16?s=96&d=mm&r=g","caption":"admin"},"sameAs":["https:\/\/maciejwiszniewski.pl"],"url":"https:\/\/maciejwiszniewski.pl\/index.php\/author\/arkweb\/"}]}},"_links":{"self":[{"href":"https:\/\/maciejwiszniewski.pl\/index.php\/wp-json\/wp\/v2\/posts\/604","targetHints":{"allow":["GET"]}}],"collection":[{"href":"https:\/\/maciejwiszniewski.pl\/index.php\/wp-json\/wp\/v2\/posts"}],"about":[{"href":"https:\/\/maciejwiszniewski.pl\/index.php\/wp-json\/wp\/v2\/types\/post"}],"author":[{"embeddable":true,"href":"https:\/\/maciejwiszniewski.pl\/index.php\/wp-json\/wp\/v2\/users\/1"}],"replies":[{"embeddable":true,"href":"https:\/\/maciejwiszniewski.pl\/index.php\/wp-json\/wp\/v2\/comments?post=604"}],"version-history":[{"count":0,"href":"https:\/\/maciejwiszniewski.pl\/index.php\/wp-json\/wp\/v2\/posts\/604\/revisions"}],"wp:attachment":[{"href":"https:\/\/maciejwiszniewski.pl\/index.php\/wp-json\/wp\/v2\/media?parent=604"}],"wp:term":[{"taxonomy":"category","embeddable":true,"href":"https:\/\/maciejwiszniewski.pl\/index.php\/wp-json\/wp\/v2\/categories?post=604"},{"taxonomy":"post_tag","embeddable":true,"href":"https:\/\/maciejwiszniewski.pl\/index.php\/wp-json\/wp\/v2\/tags?post=604"}],"curies":[{"name":"wp","href":"https:\/\/api.w.org\/{rel}","templated":true}]}}