{"id":582,"date":"2020-01-05T09:35:20","date_gmt":"2020-01-05T09:35:20","guid":{"rendered":"https:\/\/maciejwiszniewski.pl\/index.php\/2020\/01\/05\/swiat-nie-nauczyl\/"},"modified":"2020-01-05T09:35:20","modified_gmt":"2020-01-05T09:35:20","slug":"swiat-nie-nauczyl","status":"publish","type":"post","link":"https:\/\/maciejwiszniewski.pl\/index.php\/2020\/01\/05\/swiat-nie-nauczyl\/","title":{"rendered":"\u015awiat nie nauczy\u0142 &#8230;"},"content":{"rendered":"\n<p>\n\n\u015awiat nie nauczy\u0142 nas broni\u0107 si\u0119 przed z\u0142ymi lud\u017ami. Nie pokaza\u0142 nam jak odr\u00f3\u017cnia\u0107 tych z\u0142ych od dobrych, mimo \u017ce maj\u0105 takie pi\u0119kne oczy. Nie powiedzia\u0142 nic o duszy, pr\u00f3cz tego \u017ce s\u0105 odbiciem oczu. Nie wspomina\u0142 nic o odbiciu serca, jak si\u0119 przejawia i jak promieniuje. Jak \u017cy\u0107 zgodnie z sumieniem, z tym co si\u0119 czuje, ze swoimi marzeniami, by dzieli\u0107 si\u0119 swoj\u0105 rado\u015bci\u0105 i szcz\u0119\u015bciem.<br>\u015awiat zapomnia\u0142 o tych, kt\u00f3rzy dalej chc\u0105 by\u0107 dobrzy, i nie wiedz\u0105 jak dalej \u017cy\u0107, by nie sta\u0107 si\u0119 z\u0142ymi, aby prze\u017cy\u0107.\n\n<\/p>\n","protected":false},"excerpt":{"rendered":"<p>\u015awiat nie nauczy\u0142 nas broni\u0107 si\u0119 przed z\u0142ymi lud\u017ami. Nie pokaza\u0142 nam jak odr\u00f3\u017cnia\u0107 tych z\u0142ych od dobrych, mimo \u017ce maj\u0105 takie pi\u0119kne oczy. Nie powiedzia\u0142 nic o duszy, pr\u00f3cz tego \u017ce s\u0105 odbiciem oczu. Nie wspomina\u0142 nic o odbiciu serca, jak si\u0119 przejawia i jak promieniuje. Jak \u017cy\u0107 zgodnie z sumieniem, z tym co [&hellip;]<\/p>\n","protected":false},"author":1,"featured_media":0,"comment_status":"closed","ping_status":"open","sticky":false,"template":"","format":"standard","meta":{"_et_pb_use_builder":"","_et_pb_old_content":"","_et_gb_content_width":"","footnotes":""},"categories":[7],"tags":[],"class_list":["post-582","post","type-post","status-publish","format-standard","hentry","category-przemyslenia"],"yoast_head":"<!-- This site is optimized with the Yoast SEO plugin v26.8 - https:\/\/yoast.com\/product\/yoast-seo-wordpress\/ -->\n<title>\u015awiat nie nauczy\u0142 ... - Maciej Wiszniewski<\/title>\n<meta name=\"robots\" content=\"index, follow, max-snippet:-1, max-image-preview:large, max-video-preview:-1\" \/>\n<link rel=\"canonical\" href=\"https:\/\/maciejwiszniewski.pl\/index.php\/2020\/01\/05\/swiat-nie-nauczyl\/\" \/>\n<meta property=\"og:locale\" content=\"pl_PL\" \/>\n<meta property=\"og:type\" content=\"article\" \/>\n<meta property=\"og:title\" content=\"\u015awiat nie nauczy\u0142 ... - Maciej Wiszniewski\" \/>\n<meta property=\"og:description\" content=\"\u015awiat nie nauczy\u0142 nas broni\u0107 si\u0119 przed z\u0142ymi lud\u017ami. Nie pokaza\u0142 nam jak odr\u00f3\u017cnia\u0107 tych z\u0142ych od dobrych, mimo \u017ce maj\u0105 takie pi\u0119kne oczy. Nie powiedzia\u0142 nic o duszy, pr\u00f3cz tego \u017ce s\u0105 odbiciem oczu. Nie wspomina\u0142 nic o odbiciu serca, jak si\u0119 przejawia i jak promieniuje. Jak \u017cy\u0107 zgodnie z sumieniem, z tym co [&hellip;]\" \/>\n<meta property=\"og:url\" content=\"https:\/\/maciejwiszniewski.pl\/index.php\/2020\/01\/05\/swiat-nie-nauczyl\/\" \/>\n<meta property=\"og:site_name\" content=\"Maciej Wiszniewski\" \/>\n<meta property=\"article:published_time\" content=\"2020-01-05T09:35:20+00:00\" \/>\n<meta property=\"og:image\" content=\"https:\/\/maciejwiszniewski.pl\/wp-content\/uploads\/2025\/07\/79744543_168633711165281_4898594145947353088_n.jpg\" \/>\n\t<meta property=\"og:image:width\" content=\"780\" \/>\n\t<meta property=\"og:image:height\" content=\"960\" \/>\n\t<meta property=\"og:image:type\" content=\"image\/jpeg\" \/>\n<meta name=\"author\" content=\"admin\" \/>\n<meta name=\"twitter:card\" content=\"summary_large_image\" \/>\n<meta name=\"twitter:label1\" content=\"Napisane przez\" \/>\n\t<meta name=\"twitter:data1\" content=\"admin\" \/>\n\t<meta name=\"twitter:label2\" content=\"Szacowany czas czytania\" \/>\n\t<meta name=\"twitter:data2\" content=\"1 minuta\" \/>\n<script type=\"application\/ld+json\" class=\"yoast-schema-graph\">{\"@context\":\"https:\/\/schema.org\",\"@graph\":[{\"@type\":\"Article\",\"@id\":\"https:\/\/maciejwiszniewski.pl\/index.php\/2020\/01\/05\/swiat-nie-nauczyl\/#article\",\"isPartOf\":{\"@id\":\"https:\/\/maciejwiszniewski.pl\/index.php\/2020\/01\/05\/swiat-nie-nauczyl\/\"},\"author\":{\"name\":\"admin\",\"@id\":\"https:\/\/maciejwiszniewski.pl\/#\/schema\/person\/e9d327d6b86de500619746a5f4f6187c\"},\"headline\":\"\u015awiat nie nauczy\u0142 &#8230;\",\"datePublished\":\"2020-01-05T09:35:20+00:00\",\"mainEntityOfPage\":{\"@id\":\"https:\/\/maciejwiszniewski.pl\/index.php\/2020\/01\/05\/swiat-nie-nauczyl\/\"},\"wordCount\":103,\"articleSection\":[\"Przemy\u015blenia\"],\"inLanguage\":\"pl-PL\"},{\"@type\":\"WebPage\",\"@id\":\"https:\/\/maciejwiszniewski.pl\/index.php\/2020\/01\/05\/swiat-nie-nauczyl\/\",\"url\":\"https:\/\/maciejwiszniewski.pl\/index.php\/2020\/01\/05\/swiat-nie-nauczyl\/\",\"name\":\"\u015awiat nie nauczy\u0142 ... - Maciej Wiszniewski\",\"isPartOf\":{\"@id\":\"https:\/\/maciejwiszniewski.pl\/#website\"},\"datePublished\":\"2020-01-05T09:35:20+00:00\",\"author\":{\"@id\":\"https:\/\/maciejwiszniewski.pl\/#\/schema\/person\/e9d327d6b86de500619746a5f4f6187c\"},\"breadcrumb\":{\"@id\":\"https:\/\/maciejwiszniewski.pl\/index.php\/2020\/01\/05\/swiat-nie-nauczyl\/#breadcrumb\"},\"inLanguage\":\"pl-PL\",\"potentialAction\":[{\"@type\":\"ReadAction\",\"target\":[\"https:\/\/maciejwiszniewski.pl\/index.php\/2020\/01\/05\/swiat-nie-nauczyl\/\"]}]},{\"@type\":\"BreadcrumbList\",\"@id\":\"https:\/\/maciejwiszniewski.pl\/index.php\/2020\/01\/05\/swiat-nie-nauczyl\/#breadcrumb\",\"itemListElement\":[{\"@type\":\"ListItem\",\"position\":1,\"name\":\"Strona g\u0142\u00f3wna\",\"item\":\"https:\/\/maciejwiszniewski.pl\/\"},{\"@type\":\"ListItem\",\"position\":2,\"name\":\"\u015awiat nie nauczy\u0142 &#8230;\"}]},{\"@type\":\"WebSite\",\"@id\":\"https:\/\/maciejwiszniewski.pl\/#website\",\"url\":\"https:\/\/maciejwiszniewski.pl\/\",\"name\":\"Maciej Wiszniewski\",\"description\":\"Maciej Wiszniewski\",\"potentialAction\":[{\"@type\":\"SearchAction\",\"target\":{\"@type\":\"EntryPoint\",\"urlTemplate\":\"https:\/\/maciejwiszniewski.pl\/?s={search_term_string}\"},\"query-input\":{\"@type\":\"PropertyValueSpecification\",\"valueRequired\":true,\"valueName\":\"search_term_string\"}}],\"inLanguage\":\"pl-PL\"},{\"@type\":\"Person\",\"@id\":\"https:\/\/maciejwiszniewski.pl\/#\/schema\/person\/e9d327d6b86de500619746a5f4f6187c\",\"name\":\"admin\",\"image\":{\"@type\":\"ImageObject\",\"inLanguage\":\"pl-PL\",\"@id\":\"https:\/\/maciejwiszniewski.pl\/#\/schema\/person\/image\/\",\"url\":\"https:\/\/secure.gravatar.com\/avatar\/8fe8c250375ccb98a0bd8fba8596769eedc9c2796e49d385d75475fd653d8c16?s=96&d=mm&r=g\",\"contentUrl\":\"https:\/\/secure.gravatar.com\/avatar\/8fe8c250375ccb98a0bd8fba8596769eedc9c2796e49d385d75475fd653d8c16?s=96&d=mm&r=g\",\"caption\":\"admin\"},\"sameAs\":[\"https:\/\/maciejwiszniewski.pl\"],\"url\":\"https:\/\/maciejwiszniewski.pl\/index.php\/author\/arkweb\/\"}]}<\/script>\n<!-- \/ Yoast SEO plugin. -->","yoast_head_json":{"title":"\u015awiat nie nauczy\u0142 ... - Maciej Wiszniewski","robots":{"index":"index","follow":"follow","max-snippet":"max-snippet:-1","max-image-preview":"max-image-preview:large","max-video-preview":"max-video-preview:-1"},"canonical":"https:\/\/maciejwiszniewski.pl\/index.php\/2020\/01\/05\/swiat-nie-nauczyl\/","og_locale":"pl_PL","og_type":"article","og_title":"\u015awiat nie nauczy\u0142 ... - Maciej Wiszniewski","og_description":"\u015awiat nie nauczy\u0142 nas broni\u0107 si\u0119 przed z\u0142ymi lud\u017ami. Nie pokaza\u0142 nam jak odr\u00f3\u017cnia\u0107 tych z\u0142ych od dobrych, mimo \u017ce maj\u0105 takie pi\u0119kne oczy. Nie powiedzia\u0142 nic o duszy, pr\u00f3cz tego \u017ce s\u0105 odbiciem oczu. Nie wspomina\u0142 nic o odbiciu serca, jak si\u0119 przejawia i jak promieniuje. Jak \u017cy\u0107 zgodnie z sumieniem, z tym co [&hellip;]","og_url":"https:\/\/maciejwiszniewski.pl\/index.php\/2020\/01\/05\/swiat-nie-nauczyl\/","og_site_name":"Maciej Wiszniewski","article_published_time":"2020-01-05T09:35:20+00:00","og_image":[{"width":780,"height":960,"url":"https:\/\/maciejwiszniewski.pl\/wp-content\/uploads\/2025\/07\/79744543_168633711165281_4898594145947353088_n.jpg","type":"image\/jpeg"}],"author":"admin","twitter_card":"summary_large_image","twitter_misc":{"Napisane przez":"admin","Szacowany czas czytania":"1 minuta"},"schema":{"@context":"https:\/\/schema.org","@graph":[{"@type":"Article","@id":"https:\/\/maciejwiszniewski.pl\/index.php\/2020\/01\/05\/swiat-nie-nauczyl\/#article","isPartOf":{"@id":"https:\/\/maciejwiszniewski.pl\/index.php\/2020\/01\/05\/swiat-nie-nauczyl\/"},"author":{"name":"admin","@id":"https:\/\/maciejwiszniewski.pl\/#\/schema\/person\/e9d327d6b86de500619746a5f4f6187c"},"headline":"\u015awiat nie nauczy\u0142 &#8230;","datePublished":"2020-01-05T09:35:20+00:00","mainEntityOfPage":{"@id":"https:\/\/maciejwiszniewski.pl\/index.php\/2020\/01\/05\/swiat-nie-nauczyl\/"},"wordCount":103,"articleSection":["Przemy\u015blenia"],"inLanguage":"pl-PL"},{"@type":"WebPage","@id":"https:\/\/maciejwiszniewski.pl\/index.php\/2020\/01\/05\/swiat-nie-nauczyl\/","url":"https:\/\/maciejwiszniewski.pl\/index.php\/2020\/01\/05\/swiat-nie-nauczyl\/","name":"\u015awiat nie nauczy\u0142 ... - Maciej Wiszniewski","isPartOf":{"@id":"https:\/\/maciejwiszniewski.pl\/#website"},"datePublished":"2020-01-05T09:35:20+00:00","author":{"@id":"https:\/\/maciejwiszniewski.pl\/#\/schema\/person\/e9d327d6b86de500619746a5f4f6187c"},"breadcrumb":{"@id":"https:\/\/maciejwiszniewski.pl\/index.php\/2020\/01\/05\/swiat-nie-nauczyl\/#breadcrumb"},"inLanguage":"pl-PL","potentialAction":[{"@type":"ReadAction","target":["https:\/\/maciejwiszniewski.pl\/index.php\/2020\/01\/05\/swiat-nie-nauczyl\/"]}]},{"@type":"BreadcrumbList","@id":"https:\/\/maciejwiszniewski.pl\/index.php\/2020\/01\/05\/swiat-nie-nauczyl\/#breadcrumb","itemListElement":[{"@type":"ListItem","position":1,"name":"Strona g\u0142\u00f3wna","item":"https:\/\/maciejwiszniewski.pl\/"},{"@type":"ListItem","position":2,"name":"\u015awiat nie nauczy\u0142 &#8230;"}]},{"@type":"WebSite","@id":"https:\/\/maciejwiszniewski.pl\/#website","url":"https:\/\/maciejwiszniewski.pl\/","name":"Maciej Wiszniewski","description":"Maciej Wiszniewski","potentialAction":[{"@type":"SearchAction","target":{"@type":"EntryPoint","urlTemplate":"https:\/\/maciejwiszniewski.pl\/?s={search_term_string}"},"query-input":{"@type":"PropertyValueSpecification","valueRequired":true,"valueName":"search_term_string"}}],"inLanguage":"pl-PL"},{"@type":"Person","@id":"https:\/\/maciejwiszniewski.pl\/#\/schema\/person\/e9d327d6b86de500619746a5f4f6187c","name":"admin","image":{"@type":"ImageObject","inLanguage":"pl-PL","@id":"https:\/\/maciejwiszniewski.pl\/#\/schema\/person\/image\/","url":"https:\/\/secure.gravatar.com\/avatar\/8fe8c250375ccb98a0bd8fba8596769eedc9c2796e49d385d75475fd653d8c16?s=96&d=mm&r=g","contentUrl":"https:\/\/secure.gravatar.com\/avatar\/8fe8c250375ccb98a0bd8fba8596769eedc9c2796e49d385d75475fd653d8c16?s=96&d=mm&r=g","caption":"admin"},"sameAs":["https:\/\/maciejwiszniewski.pl"],"url":"https:\/\/maciejwiszniewski.pl\/index.php\/author\/arkweb\/"}]}},"_links":{"self":[{"href":"https:\/\/maciejwiszniewski.pl\/index.php\/wp-json\/wp\/v2\/posts\/582","targetHints":{"allow":["GET"]}}],"collection":[{"href":"https:\/\/maciejwiszniewski.pl\/index.php\/wp-json\/wp\/v2\/posts"}],"about":[{"href":"https:\/\/maciejwiszniewski.pl\/index.php\/wp-json\/wp\/v2\/types\/post"}],"author":[{"embeddable":true,"href":"https:\/\/maciejwiszniewski.pl\/index.php\/wp-json\/wp\/v2\/users\/1"}],"replies":[{"embeddable":true,"href":"https:\/\/maciejwiszniewski.pl\/index.php\/wp-json\/wp\/v2\/comments?post=582"}],"version-history":[{"count":0,"href":"https:\/\/maciejwiszniewski.pl\/index.php\/wp-json\/wp\/v2\/posts\/582\/revisions"}],"wp:attachment":[{"href":"https:\/\/maciejwiszniewski.pl\/index.php\/wp-json\/wp\/v2\/media?parent=582"}],"wp:term":[{"taxonomy":"category","embeddable":true,"href":"https:\/\/maciejwiszniewski.pl\/index.php\/wp-json\/wp\/v2\/categories?post=582"},{"taxonomy":"post_tag","embeddable":true,"href":"https:\/\/maciejwiszniewski.pl\/index.php\/wp-json\/wp\/v2\/tags?post=582"}],"curies":[{"name":"wp","href":"https:\/\/api.w.org\/{rel}","templated":true}]}}