{"id":371,"date":"2020-01-04T10:11:35","date_gmt":"2020-01-04T10:11:35","guid":{"rendered":"https:\/\/maciejwiszniewski.pl\/index.php\/2020\/01\/04\/dla-niektorych-sensem-zycia-sa-dzieci-ale-do-czasu-gdy-spelniaja-ich-oczekiwania-kiedy-dziecko-staje-sie-kims-innym-lub-robi-cos-czego-bysmy-nie-chcieli-wowczas-sens-zycia-pryska-dla-innych-sens\/"},"modified":"2020-01-04T10:11:35","modified_gmt":"2020-01-04T10:11:35","slug":"dla-niektorych-sensem-zycia-sa-dzieci-ale-do-czasu-gdy-spelniaja-ich-oczekiwania-kiedy-dziecko-staje-sie-kims-innym-lub-robi-cos-czego-bysmy-nie-chcieli-wowczas-sens-zycia-pryska-dla-innych-sens","status":"publish","type":"post","link":"https:\/\/maciejwiszniewski.pl\/index.php\/2020\/01\/04\/dla-niektorych-sensem-zycia-sa-dzieci-ale-do-czasu-gdy-spelniaja-ich-oczekiwania-kiedy-dziecko-staje-sie-kims-innym-lub-robi-cos-czego-bysmy-nie-chcieli-wowczas-sens-zycia-pryska-dla-innych-sens\/","title":{"rendered":"Dla niekt\u00f3rych &#8230;"},"content":{"rendered":"\n<p>Dla niekt\u00f3rych sensem \u017cycia s\u0105 dzieci, ale do czasu, gdy spe\u0142niaj\u0105 ich oczekiwania. Kiedy dziecko staje si\u0119 kim\u015b innym lub robi co\u015b, czego by\u015bmy nie chcieli, w\u00f3wczas sens \u017cycia pryska. Dla innych sensem \u017cycia jest wiedza i zdobywanie tytu\u0142\u00f3w naukowych, to nadaje mu sens. Jednak z czasem, przez u\u0142omno\u015b\u0107 naszego umys\u0142u, zaczynaj\u0105 zapomina\u0107 lub okazuje si\u0119, \u017ce ich wiedza jest niepe\u0142na i wtedy gubi\u0105 sens \u017cycia. Jeszcze inni widz\u0105 sens w piel\u0119gnowaniu cia\u0142a, ale tylko do momentu, gdy nie zachoruj\u0105 nieuleczalnie. Cz\u0119\u015b\u0107 ludzi uwa\u017ca, \u017ce to gromadzenie maj\u0105tku nadaje sens ich \u017cyciu, dop\u00f3ki tego nie strac\u0105. Wielu my\u015bli, \u017ce kariera zawodowa i wspinanie si\u0119 po szczeblach awansu dodaje im skrzyde\u0142, jednak do momentu, w kt\u00f3rym si\u0119 nie wypal\u0105.<\/p>\n","protected":false},"excerpt":{"rendered":"<p>Dla niekt\u00f3rych sensem \u017cycia s\u0105 dzieci, ale do czasu, gdy spe\u0142niaj\u0105 ich oczekiwania. Kiedy dziecko staje si\u0119 kim\u015b innym lub robi co\u015b, czego by\u015bmy nie chcieli, w\u00f3wczas sens \u017cycia pryska. Dla innych sensem \u017cycia jest wiedza i zdobywanie tytu\u0142\u00f3w naukowych, to nadaje mu sens. Jednak z czasem, przez u\u0142omno\u015b\u0107 naszego umys\u0142u, zaczynaj\u0105 zapomina\u0107 lub okazuje [&hellip;]<\/p>\n","protected":false},"author":1,"featured_media":0,"comment_status":"closed","ping_status":"open","sticky":false,"template":"","format":"standard","meta":{"_et_pb_use_builder":"","_et_pb_old_content":"","_et_gb_content_width":"","footnotes":""},"categories":[7],"tags":[],"class_list":["post-371","post","type-post","status-publish","format-standard","hentry","category-przemyslenia"],"yoast_head":"<!-- This site is optimized with the Yoast SEO plugin v26.8 - https:\/\/yoast.com\/product\/yoast-seo-wordpress\/ -->\n<title>Dla niekt\u00f3rych ... - Maciej Wiszniewski<\/title>\n<meta name=\"robots\" content=\"index, follow, max-snippet:-1, max-image-preview:large, max-video-preview:-1\" \/>\n<link rel=\"canonical\" href=\"https:\/\/maciejwiszniewski.pl\/index.php\/2020\/01\/04\/dla-niektorych-sensem-zycia-sa-dzieci-ale-do-czasu-gdy-spelniaja-ich-oczekiwania-kiedy-dziecko-staje-sie-kims-innym-lub-robi-cos-czego-bysmy-nie-chcieli-wowczas-sens-zycia-pryska-dla-innych-sens\/\" \/>\n<meta property=\"og:locale\" content=\"pl_PL\" \/>\n<meta property=\"og:type\" content=\"article\" \/>\n<meta property=\"og:title\" content=\"Dla niekt\u00f3rych ... - Maciej Wiszniewski\" \/>\n<meta property=\"og:description\" content=\"Dla niekt\u00f3rych sensem \u017cycia s\u0105 dzieci, ale do czasu, gdy spe\u0142niaj\u0105 ich oczekiwania. Kiedy dziecko staje si\u0119 kim\u015b innym lub robi co\u015b, czego by\u015bmy nie chcieli, w\u00f3wczas sens \u017cycia pryska. Dla innych sensem \u017cycia jest wiedza i zdobywanie tytu\u0142\u00f3w naukowych, to nadaje mu sens. Jednak z czasem, przez u\u0142omno\u015b\u0107 naszego umys\u0142u, zaczynaj\u0105 zapomina\u0107 lub okazuje [&hellip;]\" \/>\n<meta property=\"og:url\" content=\"https:\/\/maciejwiszniewski.pl\/index.php\/2020\/01\/04\/dla-niektorych-sensem-zycia-sa-dzieci-ale-do-czasu-gdy-spelniaja-ich-oczekiwania-kiedy-dziecko-staje-sie-kims-innym-lub-robi-cos-czego-bysmy-nie-chcieli-wowczas-sens-zycia-pryska-dla-innych-sens\/\" \/>\n<meta property=\"og:site_name\" content=\"Maciej Wiszniewski\" \/>\n<meta property=\"article:published_time\" content=\"2020-01-04T10:11:35+00:00\" \/>\n<meta property=\"og:image\" content=\"https:\/\/maciejwiszniewski.pl\/wp-content\/uploads\/2025\/07\/71497431_136760394352613_6557825752824283136_o.jpg\" \/>\n\t<meta property=\"og:image:width\" content=\"768\" \/>\n\t<meta property=\"og:image:height\" content=\"960\" \/>\n\t<meta property=\"og:image:type\" content=\"image\/jpeg\" \/>\n<meta name=\"author\" content=\"admin\" \/>\n<meta name=\"twitter:card\" content=\"summary_large_image\" \/>\n<meta name=\"twitter:label1\" content=\"Napisane przez\" \/>\n\t<meta name=\"twitter:data1\" content=\"admin\" \/>\n\t<meta name=\"twitter:label2\" content=\"Szacowany czas czytania\" \/>\n\t<meta name=\"twitter:data2\" content=\"1 minuta\" \/>\n<script type=\"application\/ld+json\" class=\"yoast-schema-graph\">{\"@context\":\"https:\/\/schema.org\",\"@graph\":[{\"@type\":\"Article\",\"@id\":\"https:\/\/maciejwiszniewski.pl\/index.php\/2020\/01\/04\/dla-niektorych-sensem-zycia-sa-dzieci-ale-do-czasu-gdy-spelniaja-ich-oczekiwania-kiedy-dziecko-staje-sie-kims-innym-lub-robi-cos-czego-bysmy-nie-chcieli-wowczas-sens-zycia-pryska-dla-innych-sens\/#article\",\"isPartOf\":{\"@id\":\"https:\/\/maciejwiszniewski.pl\/index.php\/2020\/01\/04\/dla-niektorych-sensem-zycia-sa-dzieci-ale-do-czasu-gdy-spelniaja-ich-oczekiwania-kiedy-dziecko-staje-sie-kims-innym-lub-robi-cos-czego-bysmy-nie-chcieli-wowczas-sens-zycia-pryska-dla-innych-sens\/\"},\"author\":{\"name\":\"admin\",\"@id\":\"https:\/\/maciejwiszniewski.pl\/#\/schema\/person\/e9d327d6b86de500619746a5f4f6187c\"},\"headline\":\"Dla niekt\u00f3rych &#8230;\",\"datePublished\":\"2020-01-04T10:11:35+00:00\",\"mainEntityOfPage\":{\"@id\":\"https:\/\/maciejwiszniewski.pl\/index.php\/2020\/01\/04\/dla-niektorych-sensem-zycia-sa-dzieci-ale-do-czasu-gdy-spelniaja-ich-oczekiwania-kiedy-dziecko-staje-sie-kims-innym-lub-robi-cos-czego-bysmy-nie-chcieli-wowczas-sens-zycia-pryska-dla-innych-sens\/\"},\"wordCount\":136,\"articleSection\":[\"Przemy\u015blenia\"],\"inLanguage\":\"pl-PL\"},{\"@type\":\"WebPage\",\"@id\":\"https:\/\/maciejwiszniewski.pl\/index.php\/2020\/01\/04\/dla-niektorych-sensem-zycia-sa-dzieci-ale-do-czasu-gdy-spelniaja-ich-oczekiwania-kiedy-dziecko-staje-sie-kims-innym-lub-robi-cos-czego-bysmy-nie-chcieli-wowczas-sens-zycia-pryska-dla-innych-sens\/\",\"url\":\"https:\/\/maciejwiszniewski.pl\/index.php\/2020\/01\/04\/dla-niektorych-sensem-zycia-sa-dzieci-ale-do-czasu-gdy-spelniaja-ich-oczekiwania-kiedy-dziecko-staje-sie-kims-innym-lub-robi-cos-czego-bysmy-nie-chcieli-wowczas-sens-zycia-pryska-dla-innych-sens\/\",\"name\":\"Dla niekt\u00f3rych ... - Maciej Wiszniewski\",\"isPartOf\":{\"@id\":\"https:\/\/maciejwiszniewski.pl\/#website\"},\"datePublished\":\"2020-01-04T10:11:35+00:00\",\"author\":{\"@id\":\"https:\/\/maciejwiszniewski.pl\/#\/schema\/person\/e9d327d6b86de500619746a5f4f6187c\"},\"breadcrumb\":{\"@id\":\"https:\/\/maciejwiszniewski.pl\/index.php\/2020\/01\/04\/dla-niektorych-sensem-zycia-sa-dzieci-ale-do-czasu-gdy-spelniaja-ich-oczekiwania-kiedy-dziecko-staje-sie-kims-innym-lub-robi-cos-czego-bysmy-nie-chcieli-wowczas-sens-zycia-pryska-dla-innych-sens\/#breadcrumb\"},\"inLanguage\":\"pl-PL\",\"potentialAction\":[{\"@type\":\"ReadAction\",\"target\":[\"https:\/\/maciejwiszniewski.pl\/index.php\/2020\/01\/04\/dla-niektorych-sensem-zycia-sa-dzieci-ale-do-czasu-gdy-spelniaja-ich-oczekiwania-kiedy-dziecko-staje-sie-kims-innym-lub-robi-cos-czego-bysmy-nie-chcieli-wowczas-sens-zycia-pryska-dla-innych-sens\/\"]}]},{\"@type\":\"BreadcrumbList\",\"@id\":\"https:\/\/maciejwiszniewski.pl\/index.php\/2020\/01\/04\/dla-niektorych-sensem-zycia-sa-dzieci-ale-do-czasu-gdy-spelniaja-ich-oczekiwania-kiedy-dziecko-staje-sie-kims-innym-lub-robi-cos-czego-bysmy-nie-chcieli-wowczas-sens-zycia-pryska-dla-innych-sens\/#breadcrumb\",\"itemListElement\":[{\"@type\":\"ListItem\",\"position\":1,\"name\":\"Strona g\u0142\u00f3wna\",\"item\":\"https:\/\/maciejwiszniewski.pl\/\"},{\"@type\":\"ListItem\",\"position\":2,\"name\":\"Dla niekt\u00f3rych &#8230;\"}]},{\"@type\":\"WebSite\",\"@id\":\"https:\/\/maciejwiszniewski.pl\/#website\",\"url\":\"https:\/\/maciejwiszniewski.pl\/\",\"name\":\"Maciej Wiszniewski\",\"description\":\"Maciej Wiszniewski\",\"potentialAction\":[{\"@type\":\"SearchAction\",\"target\":{\"@type\":\"EntryPoint\",\"urlTemplate\":\"https:\/\/maciejwiszniewski.pl\/?s={search_term_string}\"},\"query-input\":{\"@type\":\"PropertyValueSpecification\",\"valueRequired\":true,\"valueName\":\"search_term_string\"}}],\"inLanguage\":\"pl-PL\"},{\"@type\":\"Person\",\"@id\":\"https:\/\/maciejwiszniewski.pl\/#\/schema\/person\/e9d327d6b86de500619746a5f4f6187c\",\"name\":\"admin\",\"image\":{\"@type\":\"ImageObject\",\"inLanguage\":\"pl-PL\",\"@id\":\"https:\/\/maciejwiszniewski.pl\/#\/schema\/person\/image\/\",\"url\":\"https:\/\/secure.gravatar.com\/avatar\/8fe8c250375ccb98a0bd8fba8596769eedc9c2796e49d385d75475fd653d8c16?s=96&d=mm&r=g\",\"contentUrl\":\"https:\/\/secure.gravatar.com\/avatar\/8fe8c250375ccb98a0bd8fba8596769eedc9c2796e49d385d75475fd653d8c16?s=96&d=mm&r=g\",\"caption\":\"admin\"},\"sameAs\":[\"https:\/\/maciejwiszniewski.pl\"],\"url\":\"https:\/\/maciejwiszniewski.pl\/index.php\/author\/arkweb\/\"}]}<\/script>\n<!-- \/ Yoast SEO plugin. -->","yoast_head_json":{"title":"Dla niekt\u00f3rych ... - Maciej Wiszniewski","robots":{"index":"index","follow":"follow","max-snippet":"max-snippet:-1","max-image-preview":"max-image-preview:large","max-video-preview":"max-video-preview:-1"},"canonical":"https:\/\/maciejwiszniewski.pl\/index.php\/2020\/01\/04\/dla-niektorych-sensem-zycia-sa-dzieci-ale-do-czasu-gdy-spelniaja-ich-oczekiwania-kiedy-dziecko-staje-sie-kims-innym-lub-robi-cos-czego-bysmy-nie-chcieli-wowczas-sens-zycia-pryska-dla-innych-sens\/","og_locale":"pl_PL","og_type":"article","og_title":"Dla niekt\u00f3rych ... - Maciej Wiszniewski","og_description":"Dla niekt\u00f3rych sensem \u017cycia s\u0105 dzieci, ale do czasu, gdy spe\u0142niaj\u0105 ich oczekiwania. Kiedy dziecko staje si\u0119 kim\u015b innym lub robi co\u015b, czego by\u015bmy nie chcieli, w\u00f3wczas sens \u017cycia pryska. Dla innych sensem \u017cycia jest wiedza i zdobywanie tytu\u0142\u00f3w naukowych, to nadaje mu sens. Jednak z czasem, przez u\u0142omno\u015b\u0107 naszego umys\u0142u, zaczynaj\u0105 zapomina\u0107 lub okazuje [&hellip;]","og_url":"https:\/\/maciejwiszniewski.pl\/index.php\/2020\/01\/04\/dla-niektorych-sensem-zycia-sa-dzieci-ale-do-czasu-gdy-spelniaja-ich-oczekiwania-kiedy-dziecko-staje-sie-kims-innym-lub-robi-cos-czego-bysmy-nie-chcieli-wowczas-sens-zycia-pryska-dla-innych-sens\/","og_site_name":"Maciej Wiszniewski","article_published_time":"2020-01-04T10:11:35+00:00","og_image":[{"width":768,"height":960,"url":"https:\/\/maciejwiszniewski.pl\/wp-content\/uploads\/2025\/07\/71497431_136760394352613_6557825752824283136_o.jpg","type":"image\/jpeg"}],"author":"admin","twitter_card":"summary_large_image","twitter_misc":{"Napisane przez":"admin","Szacowany czas czytania":"1 minuta"},"schema":{"@context":"https:\/\/schema.org","@graph":[{"@type":"Article","@id":"https:\/\/maciejwiszniewski.pl\/index.php\/2020\/01\/04\/dla-niektorych-sensem-zycia-sa-dzieci-ale-do-czasu-gdy-spelniaja-ich-oczekiwania-kiedy-dziecko-staje-sie-kims-innym-lub-robi-cos-czego-bysmy-nie-chcieli-wowczas-sens-zycia-pryska-dla-innych-sens\/#article","isPartOf":{"@id":"https:\/\/maciejwiszniewski.pl\/index.php\/2020\/01\/04\/dla-niektorych-sensem-zycia-sa-dzieci-ale-do-czasu-gdy-spelniaja-ich-oczekiwania-kiedy-dziecko-staje-sie-kims-innym-lub-robi-cos-czego-bysmy-nie-chcieli-wowczas-sens-zycia-pryska-dla-innych-sens\/"},"author":{"name":"admin","@id":"https:\/\/maciejwiszniewski.pl\/#\/schema\/person\/e9d327d6b86de500619746a5f4f6187c"},"headline":"Dla niekt\u00f3rych &#8230;","datePublished":"2020-01-04T10:11:35+00:00","mainEntityOfPage":{"@id":"https:\/\/maciejwiszniewski.pl\/index.php\/2020\/01\/04\/dla-niektorych-sensem-zycia-sa-dzieci-ale-do-czasu-gdy-spelniaja-ich-oczekiwania-kiedy-dziecko-staje-sie-kims-innym-lub-robi-cos-czego-bysmy-nie-chcieli-wowczas-sens-zycia-pryska-dla-innych-sens\/"},"wordCount":136,"articleSection":["Przemy\u015blenia"],"inLanguage":"pl-PL"},{"@type":"WebPage","@id":"https:\/\/maciejwiszniewski.pl\/index.php\/2020\/01\/04\/dla-niektorych-sensem-zycia-sa-dzieci-ale-do-czasu-gdy-spelniaja-ich-oczekiwania-kiedy-dziecko-staje-sie-kims-innym-lub-robi-cos-czego-bysmy-nie-chcieli-wowczas-sens-zycia-pryska-dla-innych-sens\/","url":"https:\/\/maciejwiszniewski.pl\/index.php\/2020\/01\/04\/dla-niektorych-sensem-zycia-sa-dzieci-ale-do-czasu-gdy-spelniaja-ich-oczekiwania-kiedy-dziecko-staje-sie-kims-innym-lub-robi-cos-czego-bysmy-nie-chcieli-wowczas-sens-zycia-pryska-dla-innych-sens\/","name":"Dla niekt\u00f3rych ... - Maciej Wiszniewski","isPartOf":{"@id":"https:\/\/maciejwiszniewski.pl\/#website"},"datePublished":"2020-01-04T10:11:35+00:00","author":{"@id":"https:\/\/maciejwiszniewski.pl\/#\/schema\/person\/e9d327d6b86de500619746a5f4f6187c"},"breadcrumb":{"@id":"https:\/\/maciejwiszniewski.pl\/index.php\/2020\/01\/04\/dla-niektorych-sensem-zycia-sa-dzieci-ale-do-czasu-gdy-spelniaja-ich-oczekiwania-kiedy-dziecko-staje-sie-kims-innym-lub-robi-cos-czego-bysmy-nie-chcieli-wowczas-sens-zycia-pryska-dla-innych-sens\/#breadcrumb"},"inLanguage":"pl-PL","potentialAction":[{"@type":"ReadAction","target":["https:\/\/maciejwiszniewski.pl\/index.php\/2020\/01\/04\/dla-niektorych-sensem-zycia-sa-dzieci-ale-do-czasu-gdy-spelniaja-ich-oczekiwania-kiedy-dziecko-staje-sie-kims-innym-lub-robi-cos-czego-bysmy-nie-chcieli-wowczas-sens-zycia-pryska-dla-innych-sens\/"]}]},{"@type":"BreadcrumbList","@id":"https:\/\/maciejwiszniewski.pl\/index.php\/2020\/01\/04\/dla-niektorych-sensem-zycia-sa-dzieci-ale-do-czasu-gdy-spelniaja-ich-oczekiwania-kiedy-dziecko-staje-sie-kims-innym-lub-robi-cos-czego-bysmy-nie-chcieli-wowczas-sens-zycia-pryska-dla-innych-sens\/#breadcrumb","itemListElement":[{"@type":"ListItem","position":1,"name":"Strona g\u0142\u00f3wna","item":"https:\/\/maciejwiszniewski.pl\/"},{"@type":"ListItem","position":2,"name":"Dla niekt\u00f3rych &#8230;"}]},{"@type":"WebSite","@id":"https:\/\/maciejwiszniewski.pl\/#website","url":"https:\/\/maciejwiszniewski.pl\/","name":"Maciej Wiszniewski","description":"Maciej Wiszniewski","potentialAction":[{"@type":"SearchAction","target":{"@type":"EntryPoint","urlTemplate":"https:\/\/maciejwiszniewski.pl\/?s={search_term_string}"},"query-input":{"@type":"PropertyValueSpecification","valueRequired":true,"valueName":"search_term_string"}}],"inLanguage":"pl-PL"},{"@type":"Person","@id":"https:\/\/maciejwiszniewski.pl\/#\/schema\/person\/e9d327d6b86de500619746a5f4f6187c","name":"admin","image":{"@type":"ImageObject","inLanguage":"pl-PL","@id":"https:\/\/maciejwiszniewski.pl\/#\/schema\/person\/image\/","url":"https:\/\/secure.gravatar.com\/avatar\/8fe8c250375ccb98a0bd8fba8596769eedc9c2796e49d385d75475fd653d8c16?s=96&d=mm&r=g","contentUrl":"https:\/\/secure.gravatar.com\/avatar\/8fe8c250375ccb98a0bd8fba8596769eedc9c2796e49d385d75475fd653d8c16?s=96&d=mm&r=g","caption":"admin"},"sameAs":["https:\/\/maciejwiszniewski.pl"],"url":"https:\/\/maciejwiszniewski.pl\/index.php\/author\/arkweb\/"}]}},"_links":{"self":[{"href":"https:\/\/maciejwiszniewski.pl\/index.php\/wp-json\/wp\/v2\/posts\/371","targetHints":{"allow":["GET"]}}],"collection":[{"href":"https:\/\/maciejwiszniewski.pl\/index.php\/wp-json\/wp\/v2\/posts"}],"about":[{"href":"https:\/\/maciejwiszniewski.pl\/index.php\/wp-json\/wp\/v2\/types\/post"}],"author":[{"embeddable":true,"href":"https:\/\/maciejwiszniewski.pl\/index.php\/wp-json\/wp\/v2\/users\/1"}],"replies":[{"embeddable":true,"href":"https:\/\/maciejwiszniewski.pl\/index.php\/wp-json\/wp\/v2\/comments?post=371"}],"version-history":[{"count":0,"href":"https:\/\/maciejwiszniewski.pl\/index.php\/wp-json\/wp\/v2\/posts\/371\/revisions"}],"wp:attachment":[{"href":"https:\/\/maciejwiszniewski.pl\/index.php\/wp-json\/wp\/v2\/media?parent=371"}],"wp:term":[{"taxonomy":"category","embeddable":true,"href":"https:\/\/maciejwiszniewski.pl\/index.php\/wp-json\/wp\/v2\/categories?post=371"},{"taxonomy":"post_tag","embeddable":true,"href":"https:\/\/maciejwiszniewski.pl\/index.php\/wp-json\/wp\/v2\/tags?post=371"}],"curies":[{"name":"wp","href":"https:\/\/api.w.org\/{rel}","templated":true}]}}